{"id":405,"date":"2019-03-14T08:29:26","date_gmt":"2019-03-14T07:29:26","guid":{"rendered":"http:\/\/gzvodice.si\/?p=405"},"modified":"2019-03-14T08:30:19","modified_gmt":"2019-03-14T07:30:19","slug":"priznanja-civilne-zascite","status":"publish","type":"post","link":"https:\/\/www.gzvodice.si\/?p=405","title":{"rendered":"Priznanja Civilne za\u0161\u010dite"},"content":{"rendered":"<p>V \u0161portni dvorani v Ko\u010devju je v sredo, 6. marca 2019, potekala prireditev ob dnevu Civilne za\u0161\u010dite, ki jo je organiziral \u0161tab Civilne za\u0161\u010dite za ljubljansko regijo. Na regijski slovesnosti so ob kulturnem programu in nagovorih, na \u010delu s slavnostnim govornikom generalnim direktorjem Uprave Republike Slovenije za za\u0161\u010dito in re\u0161evanje, Darkom Butom, podelili tudi leto\u0161nja priznanja.<\/p>\n<p>Skupno so podelili 35 priznanj Civilne za\u0161\u010dite, in sicer: 16 bronastih, 15 srebrnih in 3 zlate znake ter eno priznanje za posebne zasluge. Med prejemniki bronastih znakov za po\u017ertvovalno in uspe\u0161no opravljanje nalog za\u0161\u010dite, re\u0161evanja in pomo\u010di sta bila tudi Alojzij Kosec in Janez Jenko, oba aktivna \u010dlana Gasilske zveze Vodice.<\/p>\n<p>Janez Jenko nosi velike zasluge za izgradnjo gasilskega doma v \u0160inkovem Turnu, ustanovitev samostojne Gasilske zveze Vodice, trenutno pa je aktiven kot predsednik Odbora za razpolaganje s sredstvi po\u017earnega sklada. Alojzij Kosec je priznanje za \u017eivljenjsko delo ob 55-letnici delovanja v okviru gasilskih dru\u0161tev in Gasilske zveze Vodice prejel na podlagi vrhunskih uspehov tekmovalnih ekip, ki delujejo pod njegovim mentorstvom, in izredne odzivnosti ob naravnih in drugih nesre\u010dah.<\/p>\n<p>Vir: <a href=\"https:\/\/www.vodice.si\/objava\/180163\" target=\"_blank\" rel=\"noopener noreferrer\"><em>Ob\u010dina Vodice<\/em><\/a><\/p>\n<div><a href=\"http:\/\/gzvodice.si\/wp-content\/uploads\/2019\/03\/162073121.jpg\"><img loading=\"lazy\" decoding=\"async\" class=\"alignnone wp-image-406 aligncenter\" src=\"http:\/\/gzvodice.si\/wp-content\/uploads\/2019\/03\/162073121-300x200.jpg\" alt=\"\" width=\"500\" height=\"333\"><\/a><\/div>\n","protected":false},"excerpt":{"rendered":"<p>V \u0161portni dvorani v Ko\u010devju je v sredo, 6. marca 2019, potekala prireditev ob dnevu Civilne za\u0161\u010dite, ki jo je organiziral \u0161tab Civilne za\u0161\u010dite za ljubljansko regijo. Na regijski slovesnosti so ob kulturnem programu in nagovorih, na \u010delu s slavnostnim&#8230;<\/p>\n","protected":false},"author":2,"featured_media":0,"comment_status":"open","ping_status":"open","sticky":false,"template":"","format":"standard","meta":{"footnotes":"","_links_to":"","_links_to_target":""},"categories":[1],"tags":[],"class_list":["post-405","post","type-post","status-publish","format-standard","hentry","category-clanki","wpcat-1-id"],"_links":{"self":[{"href":"https:\/\/www.gzvodice.si\/index.php?rest_route=\/wp\/v2\/posts\/405","targetHints":{"allow":["GET"]}}],"collection":[{"href":"https:\/\/www.gzvodice.si\/index.php?rest_route=\/wp\/v2\/posts"}],"about":[{"href":"https:\/\/www.gzvodice.si\/index.php?rest_route=\/wp\/v2\/types\/post"}],"author":[{"embeddable":true,"href":"https:\/\/www.gzvodice.si\/index.php?rest_route=\/wp\/v2\/users\/2"}],"replies":[{"embeddable":true,"href":"https:\/\/www.gzvodice.si\/index.php?rest_route=%2Fwp%2Fv2%2Fcomments&post=405"}],"version-history":[{"count":2,"href":"https:\/\/www.gzvodice.si\/index.php?rest_route=\/wp\/v2\/posts\/405\/revisions"}],"predecessor-version":[{"id":408,"href":"https:\/\/www.gzvodice.si\/index.php?rest_route=\/wp\/v2\/posts\/405\/revisions\/408"}],"wp:attachment":[{"href":"https:\/\/www.gzvodice.si\/index.php?rest_route=%2Fwp%2Fv2%2Fmedia&parent=405"}],"wp:term":[{"taxonomy":"category","embeddable":true,"href":"https:\/\/www.gzvodice.si\/index.php?rest_route=%2Fwp%2Fv2%2Fcategories&post=405"},{"taxonomy":"post_tag","embeddable":true,"href":"https:\/\/www.gzvodice.si\/index.php?rest_route=%2Fwp%2Fv2%2Ftags&post=405"}],"curies":[{"name":"wp","href":"https:\/\/api.w.org\/{rel}","templated":true}]}}